{"id":5829,"date":"2019-10-25T09:22:50","date_gmt":"2019-10-25T09:22:50","guid":{"rendered":"https:\/\/stonesizepanels.com\/?p=5829"},"modified":"2020-04-02T10:59:20","modified_gmt":"2020-04-02T10:59:20","slug":"historia-de-la-piedra-aplicada-a-la-arquitectura","status":"publish","type":"post","link":"https:\/\/stonesizepanels.com\/es\/historia-de-la-piedra-aplicada-a-la-arquitectura","title":{"rendered":"Historia de la piedra aplicada a la arquitectura: tecnolog\u00eda y evoluci\u00f3n"},"content":{"rendered":"<div class=\"fusion-fullwidth fullwidth-box fusion-builder-row-1 nonhundred-percent-fullwidth non-hundred-percent-height-scrolling\" style=\"--awb-border-radius-top-left:0px;--awb-border-radius-top-right:0px;--awb-border-radius-bottom-right:0px;--awb-border-radius-bottom-left:0px;--awb-flex-wrap:wrap;\" ><div class=\"fusion-builder-row fusion-row\"><div class=\"fusion-layout-column fusion_builder_column fusion-builder-column-0 fusion_builder_column_1_1 1_1 fusion-one-full fusion-column-first fusion-column-last\" style=\"--awb-bg-size:cover;\"><div class=\"fusion-column-wrapper fusion-column-has-shadow fusion-flex-column-wrapper-legacy\"><div class=\"fusion-text fusion-text-1\"><p>La historia de la piedra aplicada a la arquitectura piedra ha estado vinculada al ser humano desde el comienzo de nuestros tiempos. Fue refugio del hombre prehist\u00f3rico cuando habitaba en cuevas, asumiendo ya desde los albores de nuestra existencia su car\u00e1cter tel\u00farico y entendi\u00e9ndola como nuestra conexi\u00f3n con la Tierra. Nuestros antepasados no tardaron en comprender sus cualidades de atemporalidad y monumentalidad y erigieron con ella d\u00f3lmenes con un nivel de ambici\u00f3n\u00a0 y esfuerzo sobrehumanos.<\/p>\n<h5><strong>Conexi\u00f3n entre lo humano y lo divino<\/strong><\/h5>\n<p>La piedra posibilitaba una conexi\u00f3n con otro espacio y otro tiempo. Es lo que observamos por ejemplo en el yacimiento de Stonehenge, levantado aproximadamente en el a\u00f1o 2500 a.C. Aquellas piedras eran el medio que ejerc\u00eda una conexi\u00f3n entre lo humano y lo divino, entre la tierra y las estrellas. Fueron levantadas para perdurar eternamente en el tiempo y ser un nexo tambi\u00e9n con las generaciones del futuro.<\/p>\n<\/div><div class=\"fusion-image-element fusion-image-align-center in-legacy-container\" style=\"text-align:center;--awb-caption-title-font-family:var(--h2_typography-font-family);--awb-caption-title-font-weight:var(--h2_typography-font-weight);--awb-caption-title-font-style:var(--h2_typography-font-style);--awb-caption-title-size:var(--h2_typography-font-size);--awb-caption-title-transform:var(--h2_typography-text-transform);--awb-caption-title-line-height:var(--h2_typography-line-height);--awb-caption-title-letter-spacing:var(--h2_typography-letter-spacing);\"><div class=\"imageframe-align-center\"><span class=\" fusion-imageframe imageframe-none imageframe-1 hover-type-none\"><img decoding=\"async\" width=\"700\" height=\"468\" alt=\"Yacimiento de Stonehenge, Salisbury, Reino Unido. Fuente\/Source: North Shore News\" title=\"Yacimiento de Stonehenge, Salisbury, Reino Unido. Fuente\/Source: North Shore News\" src=\"https:\/\/stonesizepanels.com\/wp-content\/uploads\/2019\/10\/stonehenge.jpg\" class=\"img-responsive wp-image-5838\" srcset=\"https:\/\/stonesizepanels.com\/wp-content\/uploads\/2019\/10\/stonehenge-200x134.jpg 200w, https:\/\/stonesizepanels.com\/wp-content\/uploads\/2019\/10\/stonehenge-400x267.jpg 400w, https:\/\/stonesizepanels.com\/wp-content\/uploads\/2019\/10\/stonehenge-600x401.jpg 600w, https:\/\/stonesizepanels.com\/wp-content\/uploads\/2019\/10\/stonehenge.jpg 700w\" sizes=\"(max-width: 1000px) 100vw, 700px\" \/><\/span><\/div><\/div><div class=\"fusion-text fusion-text-2\"><p>La admiraci\u00f3n del ser humano hacia la piedra es algo que ha sido una constante en toda nuestra historia. El ser humano lleva milenios explorando c\u00f3mo trasgredir sus l\u00edmites y c\u00f3mo utilizar la tecnolog\u00eda para levantar construcciones cada vez m\u00e1s ambiciosas. De hecho, existen a d\u00eda de hoy miles de teor\u00edas entorno a c\u00f3mo pudieron erigir antiguas civilizaciones monumentos que fueron construidos con piedra, cuando no exist\u00eda el nivel de desarrollo tecnol\u00f3gico o industrial del mundo moderno.<\/p>\n<p>Las propias im\u00e1genes de la recolocaci\u00f3n de las piedras que hac\u00edan de dintel en Stonehege en 1959 hablan de su complejidad incluso en tiempos modernos, e inevitablemente nos hacen cuestionarnos sobre c\u00f3mo pudieron ser levantados hace 4500 a\u00f1os o c\u00f3mo pudieron ser tra\u00eddas muchas de ellas desde su origen en el sur de Gales, a 250 km del lugar.<\/p>\n<\/div><div class=\"fusion-image-element fusion-image-align-center in-legacy-container\" style=\"text-align:center;--awb-caption-title-font-family:var(--h2_typography-font-family);--awb-caption-title-font-weight:var(--h2_typography-font-weight);--awb-caption-title-font-style:var(--h2_typography-font-style);--awb-caption-title-size:var(--h2_typography-font-size);--awb-caption-title-transform:var(--h2_typography-text-transform);--awb-caption-title-line-height:var(--h2_typography-line-height);--awb-caption-title-letter-spacing:var(--h2_typography-letter-spacing);\"><div class=\"imageframe-align-center\"><span class=\" fusion-imageframe imageframe-none imageframe-2 hover-type-none\"><img decoding=\"async\" width=\"700\" height=\"291\" alt=\"1959, Stonehenge. Fuente\/source: english-heritage.org.uk\" title=\"1959, Stonehenge. Fuente\/source: english-heritage.org.uk\" src=\"https:\/\/stonesizepanels.com\/wp-content\/uploads\/2019\/10\/stonehenge_traslado.jpg\" class=\"img-responsive wp-image-5841\" srcset=\"https:\/\/stonesizepanels.com\/wp-content\/uploads\/2019\/10\/stonehenge_traslado-200x83.jpg 200w, https:\/\/stonesizepanels.com\/wp-content\/uploads\/2019\/10\/stonehenge_traslado-400x166.jpg 400w, https:\/\/stonesizepanels.com\/wp-content\/uploads\/2019\/10\/stonehenge_traslado-600x249.jpg 600w, https:\/\/stonesizepanels.com\/wp-content\/uploads\/2019\/10\/stonehenge_traslado.jpg 700w\" sizes=\"(max-width: 1000px) 100vw, 700px\" \/><\/span><\/div><\/div><div class=\"fusion-text fusion-text-3\"><h5><strong>El dominio de la piedra empieza por el dominio de su transporte<\/strong><\/h5>\n<p>El hombre no ha dejado de sorprendernos nunca en su lucha por el dominio, manipulaci\u00f3n y transporte de la piedra. Encontramos enigmas en lugares y momentos hist\u00f3ricos muy dispares, desde las Pir\u00e1mides erigidas por los antiguos egipcios hasta los Mo\u00e1i de la isla de Pascua levantados por los Rapa Nui, dando lugar a un sinf\u00edn de teor\u00edas en torno a dichos monumentos.<\/p>\n<\/div><div class=\"fusion-image-element fusion-image-align-center in-legacy-container\" style=\"text-align:center;--awb-caption-title-font-family:var(--h2_typography-font-family);--awb-caption-title-font-weight:var(--h2_typography-font-weight);--awb-caption-title-font-style:var(--h2_typography-font-style);--awb-caption-title-size:var(--h2_typography-font-size);--awb-caption-title-transform:var(--h2_typography-text-transform);--awb-caption-title-line-height:var(--h2_typography-line-height);--awb-caption-title-letter-spacing:var(--h2_typography-letter-spacing);\"><div class=\"imageframe-align-center\"><span class=\" fusion-imageframe imageframe-none imageframe-3 hover-type-none\"><img decoding=\"async\" width=\"333\" height=\"426\" alt=\"Mo\u00e1i, Isla de Pascua S IX-XVI d.C. Fuente \/ Source: eisp.org\" title=\"Mo\u00e1i, Isla de Pascua S IX-XVI d.C. Fuente \/ Source: eisp.org\" src=\"https:\/\/stonesizepanels.com\/wp-content\/uploads\/2019\/10\/moai.jpg\" class=\"img-responsive wp-image-5843\" srcset=\"https:\/\/stonesizepanels.com\/wp-content\/uploads\/2019\/10\/moai-200x256.jpg 200w, https:\/\/stonesizepanels.com\/wp-content\/uploads\/2019\/10\/moai.jpg 333w\" sizes=\"(max-width: 1000px) 100vw, 333px\" \/><\/span><\/div><\/div><div class=\"fusion-text fusion-text-4\"><p>La piedra siempre ha estado en una dimensi\u00f3n diferente a la del hombre; incapaz de moldearla o moverla con sus propias manos, siempre ha tenido que valerse de su ingenio. Por ello, el desarrollo tecnol\u00f3gico es algo que siempre ha ido de la mano en la historia de la piedra aplicada a la arquitectura y la construcci\u00f3n.<\/p>\n<h5><strong>Sistemas de encaje ya en la Prehistoria<\/strong><\/h5>\n<p>En Stonehenge ya apreciamos verdadera tecnolog\u00eda, no solo en lo relacionado con su\u00a0 transporte y colocaci\u00f3n, sino porque tambi\u00e9n sus creadores desarrollaron un sistema constructivo de encaje y retenci\u00f3n entre las piedras, uniones m\u00e1s t\u00edpicas de la construcci\u00f3n en madera, que sin duda eran de una sofisticaci\u00f3n tremenda para el momento:<\/p>\n<\/div><div class=\"fusion-image-element fusion-image-align-center in-legacy-container\" style=\"text-align:center;--awb-caption-title-font-family:var(--h2_typography-font-family);--awb-caption-title-font-weight:var(--h2_typography-font-weight);--awb-caption-title-font-style:var(--h2_typography-font-style);--awb-caption-title-size:var(--h2_typography-font-size);--awb-caption-title-transform:var(--h2_typography-text-transform);--awb-caption-title-line-height:var(--h2_typography-line-height);--awb-caption-title-letter-spacing:var(--h2_typography-letter-spacing);\"><div class=\"imageframe-align-center\"><span class=\" fusion-imageframe imageframe-none imageframe-4 hover-type-none\"><img decoding=\"async\" width=\"350\" height=\"219\" alt=\"Joints Stonehenge \/ Uniones macho-hembra en Stonehenge. Fuente\/source: english-heritage.org.uk\" title=\"Joints Stonehenge \/ Uniones macho-hembra en Stonehenge. Fuente\/source: english-heritage.org.uk\" src=\"https:\/\/stonesizepanels.com\/wp-content\/uploads\/2019\/10\/joints_stonehenge.jpg\" class=\"img-responsive wp-image-5846\" srcset=\"https:\/\/stonesizepanels.com\/wp-content\/uploads\/2019\/10\/joints_stonehenge-200x125.jpg 200w, https:\/\/stonesizepanels.com\/wp-content\/uploads\/2019\/10\/joints_stonehenge.jpg 350w\" sizes=\"(max-width: 1000px) 100vw, 350px\" \/><\/span><\/div><\/div><div class=\"fusion-text fusion-text-5\"><h5><strong>\u201cMuro de los Incas\u201d y \u201cMuro de los Incapaces\u201d<\/strong><\/h5>\n<p>Dando m\u00e1s saltos en el tiempo y en el espacio, tambi\u00e9n parece una inc\u00f3gnita c\u00f3mo pudieron las antiguas sociedades incas conseguir un labrado tan perfecto de la piedra. Un buen ejemplo lo encontramos en los muros del antiguo palacio del Inca Roca, en Cuzco. Las piedras de grandes dimensiones presentan una geometr\u00eda irregular (alguna piedra incluye hasta doce \u00e1ngulos) generando un muro levantado solo mediante el encaje de sus piedras sin uso de morteros. Las caras perfectamente enfrentadas de las piedras dejan juntas a hueso entre las que no cabe una hoja de papel. Esta disposici\u00f3n en puzle era tremendamente intencionada, para poder realizar construcciones sismoresistentes, dado que si el tiempo jam\u00e1s acabar\u00eda con las construcciones de piedra, en la regi\u00f3n andina s\u00ed que podr\u00edan acabar con ellas los terremotos.<\/p>\n<\/div><div class=\"fusion-image-element fusion-image-align-center in-legacy-container\" style=\"text-align:center;--awb-caption-title-font-family:var(--h2_typography-font-family);--awb-caption-title-font-weight:var(--h2_typography-font-weight);--awb-caption-title-font-style:var(--h2_typography-font-style);--awb-caption-title-size:var(--h2_typography-font-size);--awb-caption-title-transform:var(--h2_typography-text-transform);--awb-caption-title-line-height:var(--h2_typography-line-height);--awb-caption-title-letter-spacing:var(--h2_typography-letter-spacing);\"><div class=\"imageframe-align-center\"><span class=\" fusion-imageframe imageframe-none imageframe-5 hover-type-none\"><img decoding=\"async\" width=\"700\" height=\"525\" alt=\"Piedra de los doce \u00e1ngulos, Cuzco, Per\u00fa. Licence \/ Licencia CCBY 3.0\" title=\"Piedra de los doce \u00e1ngulos, Cuzco, Per\u00fa. Licence \/ Licencia CCBY 3.0\" src=\"https:\/\/stonesizepanels.com\/wp-content\/uploads\/2019\/10\/piedra_doce_angulos.jpg\" class=\"img-responsive wp-image-5848\" srcset=\"https:\/\/stonesizepanels.com\/wp-content\/uploads\/2019\/10\/piedra_doce_angulos-200x150.jpg 200w, https:\/\/stonesizepanels.com\/wp-content\/uploads\/2019\/10\/piedra_doce_angulos-400x300.jpg 400w, https:\/\/stonesizepanels.com\/wp-content\/uploads\/2019\/10\/piedra_doce_angulos-600x450.jpg 600w, https:\/\/stonesizepanels.com\/wp-content\/uploads\/2019\/10\/piedra_doce_angulos.jpg 700w\" sizes=\"(max-width: 1000px) 100vw, 700px\" \/><\/span><\/div><\/div><div class=\"fusion-text fusion-text-6\"><p>Este muro inca del SXIV fue complementado de manera mucho m\u00e1s tosca y con ayuda de mortero por los espa\u00f1oles en el SXVII, construyendo lo que a d\u00eda de hoy es el Palacio Arzobispal. Los locales llaman a las dos partes \u201cmuro de los incas\u201d y \u201cmuro de los incapaces\u201d, an\u00e9cdota que explica muy bien la leyenda de la perfecci\u00f3n del muro original.<\/p>\n<\/div><div class=\"fusion-image-element fusion-image-align-center in-legacy-container\" style=\"text-align:center;--awb-caption-title-font-family:var(--h2_typography-font-family);--awb-caption-title-font-weight:var(--h2_typography-font-weight);--awb-caption-title-font-style:var(--h2_typography-font-style);--awb-caption-title-size:var(--h2_typography-font-size);--awb-caption-title-transform:var(--h2_typography-text-transform);--awb-caption-title-line-height:var(--h2_typography-line-height);--awb-caption-title-letter-spacing:var(--h2_typography-letter-spacing);\"><div class=\"imageframe-align-center\"><span class=\" fusion-imageframe imageframe-none imageframe-6 hover-type-none\"><img decoding=\"async\" width=\"800\" height=\"579\" alt=\"Calle Piedra Roca, Cuzco. Autor \/ Author: M\u00e1rcio Teixeira Fialho\" title=\"Calle Piedra Roca, Cuzco. Autor \/ Author: M\u00e1rcio Teixeira Fialho\" src=\"https:\/\/stonesizepanels.com\/wp-content\/uploads\/2019\/10\/calle_piedra_roca.jpg\" class=\"img-responsive wp-image-5850\" srcset=\"https:\/\/stonesizepanels.com\/wp-content\/uploads\/2019\/10\/calle_piedra_roca-200x145.jpg 200w, https:\/\/stonesizepanels.com\/wp-content\/uploads\/2019\/10\/calle_piedra_roca-400x290.jpg 400w, https:\/\/stonesizepanels.com\/wp-content\/uploads\/2019\/10\/calle_piedra_roca-600x434.jpg 600w, https:\/\/stonesizepanels.com\/wp-content\/uploads\/2019\/10\/calle_piedra_roca.jpg 800w\" sizes=\"(max-width: 1000px) 100vw, 800px\" \/><\/span><\/div><\/div><div class=\"fusion-text fusion-text-7\"><h5><strong>Historia de la piedra aplicada la arquitectura durante el Imperio Romano<\/strong><\/h5>\n<p>Si pensamos en qui\u00e9n llev\u00f3 la ingenier\u00eda de piedra a su m\u00e1ximo nivel nos tenemos que remontar al imperio Romano, donde se desarrollaron las mayores obras civiles de la Antig\u00fcedad.<\/p>\n<\/div><div class=\"fusion-text fusion-text-8\"><p>Hablar de Roma es hablar del muro y del arco de medio punto. Las piedras talladas en cu\u00f1a (las dovelas del arco)\u00a0 permit\u00edan abrir grandes luces. La piedra trabajaba en la manera \u00f3ptima, a compresi\u00f3n, y no a flexi\u00f3n como ocurr\u00eda en la arquitectura adintelada, en la que las luces quedaban mucho m\u00e1s limitadas y se necesitaba de grandes dinteles.<\/p>\n<\/div><div class=\"fusion-image-element fusion-image-align-center in-legacy-container\" style=\"text-align:center;--awb-caption-title-font-family:var(--h2_typography-font-family);--awb-caption-title-font-weight:var(--h2_typography-font-weight);--awb-caption-title-font-style:var(--h2_typography-font-style);--awb-caption-title-size:var(--h2_typography-font-size);--awb-caption-title-transform:var(--h2_typography-text-transform);--awb-caption-title-line-height:var(--h2_typography-line-height);--awb-caption-title-letter-spacing:var(--h2_typography-letter-spacing);\"><div class=\"imageframe-align-center\"><span class=\" fusion-imageframe imageframe-none imageframe-7 hover-type-none\"><img decoding=\"async\" width=\"800\" height=\"600\" alt=\"Roman Segovia Acueduct \/ Acueducto de Segovia, brillante ejemplo de la arquitectura civil Romana, S II d.C. Autor \/ Author: Isabel Genov\u00e9s. Fuente\/Source: losojosdehipatia.com\" title=\"Roman Segovia Acueduct \/ Acueducto de Segovia, brillante ejemplo de la arquitectura civil Romana, S II d.C. Autor \/ Author: Isabel Genov\u00e9s. Fuente\/Source: losojosdehipatia.com\" src=\"https:\/\/stonesizepanels.com\/wp-content\/uploads\/2019\/10\/acueducto_segovia.jpg\" class=\"img-responsive wp-image-5856\" srcset=\"https:\/\/stonesizepanels.com\/wp-content\/uploads\/2019\/10\/acueducto_segovia-200x150.jpg 200w, https:\/\/stonesizepanels.com\/wp-content\/uploads\/2019\/10\/acueducto_segovia-400x300.jpg 400w, https:\/\/stonesizepanels.com\/wp-content\/uploads\/2019\/10\/acueducto_segovia-600x450.jpg 600w, https:\/\/stonesizepanels.com\/wp-content\/uploads\/2019\/10\/acueducto_segovia.jpg 800w\" sizes=\"(max-width: 1000px) 100vw, 800px\" \/><\/span><\/div><\/div><div class=\"fusion-text fusion-text-9\"><p>La extrusi\u00f3n del arco gener\u00f3 b\u00f3vedas de ca\u00f1\u00f3n y su revoluci\u00f3n c\u00fapulas, elementos que estuvieron presentes en la arquitectura civil y en la religiosa. La arquitectura rom\u00e1nica utiliz\u00f3 todas estas formas durante la Alta Edad Media.<\/p>\n<h5><strong>La piedra en la Edad Media<\/strong><\/h5>\n<\/div><div class=\"fusion-image-element fusion-image-align-center in-legacy-container\" style=\"text-align:center;--awb-caption-title-font-family:var(--h2_typography-font-family);--awb-caption-title-font-weight:var(--h2_typography-font-weight);--awb-caption-title-font-style:var(--h2_typography-font-style);--awb-caption-title-size:var(--h2_typography-font-size);--awb-caption-title-transform:var(--h2_typography-text-transform);--awb-caption-title-line-height:var(--h2_typography-line-height);--awb-caption-title-letter-spacing:var(--h2_typography-letter-spacing);\"><div class=\"imageframe-align-center\"><span class=\" fusion-imageframe imageframe-none imageframe-8 hover-type-none\"><img decoding=\"async\" width=\"945\" height=\"627\" alt=\"Santiago de Compostela Cathedral \/ Arquitectura rom\u00e1nica en el interior de la Catedral de Santiago de Compostela. S XI-XII d.C. Autor\/Author: M. Casta\u00f1o. Fuente \/ Source:\" title=\"Santiago de Compostela Cathedral \/ Arquitectura rom\u00e1nica en el interior de la Catedral de Santiago de Compostela. S XI-XII d.C. Autor\/Author: M. Casta\u00f1o. Fuente \/ Source:\" src=\"https:\/\/stonesizepanels.com\/wp-content\/uploads\/2019\/10\/santiago_compostela.jpg\" class=\"img-responsive wp-image-5858\" srcset=\"https:\/\/stonesizepanels.com\/wp-content\/uploads\/2019\/10\/santiago_compostela-200x133.jpg 200w, https:\/\/stonesizepanels.com\/wp-content\/uploads\/2019\/10\/santiago_compostela-400x265.jpg 400w, https:\/\/stonesizepanels.com\/wp-content\/uploads\/2019\/10\/santiago_compostela-600x398.jpg 600w, https:\/\/stonesizepanels.com\/wp-content\/uploads\/2019\/10\/santiago_compostela-800x531.jpg 800w, https:\/\/stonesizepanels.com\/wp-content\/uploads\/2019\/10\/santiago_compostela.jpg 945w\" sizes=\"(max-width: 1000px) 100vw, 945px\" \/><\/span><\/div><\/div><div class=\"fusion-text fusion-text-10\"><p>Fue durante la baja Edad Media cuando el g\u00f3tico quiso llevar a la piedra y a su ingenier\u00eda a un nivel superior. El af\u00e1n por estar m\u00e1s cerca de Dios y del cielo incitaba hacer arquitecturas cada vez m\u00e1s altas, m\u00e1s esbeltas y luminosas. Los arcos encontraron en la geometr\u00eda apuntada (tambi\u00e9n llamada ojival) una forma de trabajo m\u00e1s optimizada y liviana que la del arco de medio punto y que permit\u00eda ganar m\u00e1s altura.<\/p>\n<\/div><div class=\"fusion-image-element fusion-image-align-center in-legacy-container\" style=\"text-align:center;--awb-caption-title-font-family:var(--h2_typography-font-family);--awb-caption-title-font-weight:var(--h2_typography-font-weight);--awb-caption-title-font-style:var(--h2_typography-font-style);--awb-caption-title-size:var(--h2_typography-font-size);--awb-caption-title-transform:var(--h2_typography-text-transform);--awb-caption-title-line-height:var(--h2_typography-line-height);--awb-caption-title-letter-spacing:var(--h2_typography-letter-spacing);\"><div class=\"imageframe-align-center\"><span class=\" fusion-imageframe imageframe-none imageframe-9 hover-type-none\"><img decoding=\"async\" width=\"664\" height=\"453\" alt=\"Arco de medio punto y arco apuntado \/ Arco de medio punto y arco apuntado\" title=\"Arco de medio punto y arco apuntado \/ Arco de medio punto y arco apuntado\" src=\"https:\/\/stonesizepanels.com\/wp-content\/uploads\/2019\/10\/arco_medio_punto.jpg\" class=\"img-responsive wp-image-5860\" srcset=\"https:\/\/stonesizepanels.com\/wp-content\/uploads\/2019\/10\/arco_medio_punto-200x136.jpg 200w, https:\/\/stonesizepanels.com\/wp-content\/uploads\/2019\/10\/arco_medio_punto-400x273.jpg 400w, https:\/\/stonesizepanels.com\/wp-content\/uploads\/2019\/10\/arco_medio_punto-600x409.jpg 600w, https:\/\/stonesizepanels.com\/wp-content\/uploads\/2019\/10\/arco_medio_punto.jpg 664w\" sizes=\"(max-width: 1000px) 100vw, 664px\" \/><\/span><\/div><\/div><div class=\"fusion-text fusion-text-11\"><p>El muro fue perdiendo entidad en pos de las grandes vidrieras. La piedra constitu\u00eda formas org\u00e1nicas que se asimilaban a \u00e1rboles, formando pilares con nervios, cada uno de los cuales ascend\u00edan para continuar por los arcos, constituyendo b\u00f3vedas nervadas de crucer\u00eda.<\/p>\n<\/div><div class=\"fusion-image-element fusion-image-align-center in-legacy-container\" style=\"text-align:center;--awb-caption-title-font-family:var(--h2_typography-font-family);--awb-caption-title-font-weight:var(--h2_typography-font-weight);--awb-caption-title-font-style:var(--h2_typography-font-style);--awb-caption-title-size:var(--h2_typography-font-size);--awb-caption-title-transform:var(--h2_typography-text-transform);--awb-caption-title-line-height:var(--h2_typography-line-height);--awb-caption-title-letter-spacing:var(--h2_typography-letter-spacing);\"><div class=\"imageframe-align-center\"><span class=\" fusion-imageframe imageframe-none imageframe-10 hover-type-none\"><img decoding=\"async\" width=\"700\" height=\"467\" alt=\"Sainte Chapelle, Par\u00eds, Francia. S XIII d.C. Fuente\/source: www.sainte-chapelle.fr\" title=\"Sainte Chapelle, Par\u00eds, Francia. S XIII d.C. Fuente\/source: www.sainte-chapelle.fr\" src=\"https:\/\/stonesizepanels.com\/wp-content\/uploads\/2019\/10\/sainte-chapelle.jpg\" class=\"img-responsive wp-image-5863\" srcset=\"https:\/\/stonesizepanels.com\/wp-content\/uploads\/2019\/10\/sainte-chapelle-200x133.jpg 200w, https:\/\/stonesizepanels.com\/wp-content\/uploads\/2019\/10\/sainte-chapelle-400x267.jpg 400w, https:\/\/stonesizepanels.com\/wp-content\/uploads\/2019\/10\/sainte-chapelle-600x400.jpg 600w, https:\/\/stonesizepanels.com\/wp-content\/uploads\/2019\/10\/sainte-chapelle.jpg 700w\" sizes=\"(max-width: 1000px) 100vw, 700px\" \/><\/span><\/div><\/div><div class=\"fusion-image-element fusion-image-align-center in-legacy-container\" style=\"text-align:center;--awb-caption-title-font-family:var(--h2_typography-font-family);--awb-caption-title-font-weight:var(--h2_typography-font-weight);--awb-caption-title-font-style:var(--h2_typography-font-style);--awb-caption-title-size:var(--h2_typography-font-size);--awb-caption-title-transform:var(--h2_typography-text-transform);--awb-caption-title-line-height:var(--h2_typography-line-height);--awb-caption-title-letter-spacing:var(--h2_typography-letter-spacing);\"><div class=\"imageframe-align-center\"><span class=\" fusion-imageframe imageframe-none imageframe-11 hover-type-none\"><img decoding=\"async\" width=\"579\" height=\"365\" alt=\"Gothic Cathedral structure \/ Estructura catedral g\u00f3tica. Fuente \/ source: Bibliocad.com \u2013 Autor \/ Author: Ra\u00fal L\u00f3pez Jim\u00e9nez\" title=\"Gothic Cathedral structure \/ Estructura catedral g\u00f3tica. Fuente \/ source: Bibliocad.com \u2013 Autor \/ Author: Ra\u00fal L\u00f3pez Jim\u00e9nez\" src=\"https:\/\/stonesizepanels.com\/wp-content\/uploads\/2019\/10\/arbotantes.jpg\" class=\"img-responsive wp-image-5865\" srcset=\"https:\/\/stonesizepanels.com\/wp-content\/uploads\/2019\/10\/arbotantes-200x126.jpg 200w, https:\/\/stonesizepanels.com\/wp-content\/uploads\/2019\/10\/arbotantes-400x252.jpg 400w, https:\/\/stonesizepanels.com\/wp-content\/uploads\/2019\/10\/arbotantes.jpg 579w\" sizes=\"(max-width: 1000px) 100vw, 579px\" \/><\/span><\/div><\/div><div class=\"fusion-text fusion-text-12\"><p>El elevado peso que ten\u00edan que sujetar los arcos en las catedrales siempre derivaba en grandes esfuerzos horizontales en los arranques de los mismos, algo que ten\u00eda que ser contrarrestado por arbotantes y contrafuertes, que se erigen como una especie de \u201cmuletas\u201d para encontrar el equilibrio.<\/p>\n<\/div><div class=\"fusion-image-element fusion-image-align-center in-legacy-container\" style=\"text-align:center;--awb-caption-title-font-family:var(--h2_typography-font-family);--awb-caption-title-font-weight:var(--h2_typography-font-weight);--awb-caption-title-font-style:var(--h2_typography-font-style);--awb-caption-title-size:var(--h2_typography-font-size);--awb-caption-title-transform:var(--h2_typography-text-transform);--awb-caption-title-line-height:var(--h2_typography-line-height);--awb-caption-title-letter-spacing:var(--h2_typography-letter-spacing);\"><div class=\"imageframe-align-center\"><span class=\" fusion-imageframe imageframe-none imageframe-12 hover-type-none\"><img decoding=\"async\" width=\"800\" height=\"600\" alt=\"Notre Dame de Reims, Francia. S XIII d.C \u2013 Dominio public \/ Public domain\" title=\"Notre Dame de Reims, Francia. S XIII d.C \u2013 Dominio public \/ Public domain\" src=\"https:\/\/stonesizepanels.com\/wp-content\/uploads\/2019\/10\/catedral_reims.jpg\" class=\"img-responsive wp-image-5867\" srcset=\"https:\/\/stonesizepanels.com\/wp-content\/uploads\/2019\/10\/catedral_reims-200x150.jpg 200w, https:\/\/stonesizepanels.com\/wp-content\/uploads\/2019\/10\/catedral_reims-400x300.jpg 400w, https:\/\/stonesizepanels.com\/wp-content\/uploads\/2019\/10\/catedral_reims-600x450.jpg 600w, https:\/\/stonesizepanels.com\/wp-content\/uploads\/2019\/10\/catedral_reims.jpg 800w\" sizes=\"(max-width: 1000px) 100vw, 800px\" \/><\/span><\/div><\/div><div class=\"fusion-text fusion-text-13\"><h5><strong>Renacimiento y Barroco<\/strong><\/h5>\n<p>Durante el Renacimiento la mirada se volvi\u00f3 hacia el mundo cl\u00e1sico de la antigua Grecia y Roma. La aparici\u00f3n del tratado \u201cDe Architectura\u201d, escrito por Vitruvio en el a\u00f1o 15 a.C, tuvo una grand\u00edsima importancia. Permiti\u00f3 conocer de primera mano c\u00f3mo se articulaban esas construcciones y esos lenguajes arquitect\u00f3nicos tan puros y proporcionados que hab\u00edan ca\u00eddo en el olvido.<\/p>\n<p>Esta revisi\u00f3n de la arquitectura cl\u00e1sica, no dej\u00f3 de lado los avances de la t\u00e9cnica. Uno de los mejores ejemplos es la catedral de Florencia, Santa Maria dell Fiore. Su construcci\u00f3n se inici\u00f3 en 1296 por Arnolfo di Cambio con arquitectura puramente g\u00f3tica, pero exist\u00eda una grand\u00edsima ambici\u00f3n por realizar una descomunal c\u00fapula, de la cual no se ten\u00eda el conocimiento ni la t\u00e9cnica para construirla, por lo que se lleg\u00f3 a un punto muerto al llegar a su base de arranque, de geometr\u00eda octogonal.<\/p>\n<\/div><div class=\"fusion-image-element fusion-image-align-center in-legacy-container\" style=\"text-align:center;--awb-caption-title-font-family:var(--h2_typography-font-family);--awb-caption-title-font-weight:var(--h2_typography-font-weight);--awb-caption-title-font-style:var(--h2_typography-font-style);--awb-caption-title-size:var(--h2_typography-font-size);--awb-caption-title-transform:var(--h2_typography-text-transform);--awb-caption-title-line-height:var(--h2_typography-line-height);--awb-caption-title-letter-spacing:var(--h2_typography-letter-spacing);\"><div class=\"imageframe-align-center\"><span class=\" fusion-imageframe imageframe-none imageframe-13 hover-type-none\"><img decoding=\"async\" width=\"327\" height=\"403\" alt=\"Santa Mar\u00eda del Fiore dome building \/ Construcci\u00f3n de la c\u00fapula Santa Mar\u00eda del Fiore (1422-1426), Filippo Brunelleschi\" title=\"Santa Mar\u00eda del Fiore dome building \/ Construcci\u00f3n de la c\u00fapula Santa Mar\u00eda del Fiore (1422-1426), Filippo Brunelleschi\" src=\"https:\/\/stonesizepanels.com\/wp-content\/uploads\/2019\/10\/cupula_brunelleschi.jpg\" class=\"img-responsive wp-image-5869\" srcset=\"https:\/\/stonesizepanels.com\/wp-content\/uploads\/2019\/10\/cupula_brunelleschi-200x246.jpg 200w, https:\/\/stonesizepanels.com\/wp-content\/uploads\/2019\/10\/cupula_brunelleschi.jpg 327w\" sizes=\"(max-width: 1000px) 100vw, 327px\" \/><\/span><\/div><\/div><div class=\"fusion-text fusion-text-14\"><p>Fue Filippo Brunelleschi qui\u00e9n, gracias al minucioso estudio de la arquitectura romana y los sistemas abovedados en piedra g\u00f3ticos, encontr\u00f3 la soluci\u00f3n. Brunelleschi plante\u00f3 una descomunal c\u00fapula apuntada (di\u00e1metro interior 45 m y exterior 55 m) bas\u00e1ndose en la forma de trabajo de los arcos de piedra g\u00f3ticos. Sin embargo, las proporciones y el peso eran tan descomunales que tuvo que superar todo el conocimiento anterior, e idear un sistema de c\u00fapula aligerado basado en la combinaci\u00f3n de diferentes materiales para conseguir su correcto funcionamiento, as\u00ed como sofisticados sistemas de replanteo y andamiaje para hacerlo posible.<\/p>\n<p>La soluci\u00f3n consisti\u00f3 en el dise\u00f1o de una c\u00fapula formada por una doble c\u00e1scara. La c\u00fapula interior era autoportante. Esto fue posible gracias a su construcci\u00f3n secuencial mediante obra de ladrillo colocado en espina de pez (el \u201copus spicatum\u201d romano). Al tiempo que se levantaba dicha c\u00fapula interior se ejecutaban anillos perimetrales de madera y de obra de mamposter\u00eda de piedra con cadenas embebidas. Estos anillos conten\u00edan los esfuerzos horizontales, dado que la geometr\u00eda de la c\u00fapula tend\u00eda a abrirse hacia el exterior por su propio peso.<\/p>\n<p>Un sistema de nervios verticales correas horizontales perimi\u00f3 ejecutar de manera separada la c\u00fapula exterior, al tiempo que quedaba hueco para el acceso a su coronaci\u00f3n.<\/p>\n<\/div><div class=\"fusion-video fusion-youtube fusion-aligncenter\" style=\"--awb-max-width:600px;--awb-max-height:360px;--awb-width:100%;\"><div class=\"video-shortcode\"><div class=\"fluid-width-video-wrapper\" style=\"padding-top:60%;\" ><iframe title=\"YouTube video player 1\" src=\"https:\/\/www.youtube.com\/embed\/_IOPlGPQPuM?wmode=transparent&autoplay=0\" width=\"600\" height=\"360\" allowfullscreen allow=\"autoplay; clipboard-write; encrypted-media; gyroscope; picture-in-picture;\"><\/iframe><\/div><\/div><\/div><div class=\"fusion-text fusion-text-15\"><p>La obra de Brunelleschi evidenci\u00f3 la transici\u00f3n hacia el Renacimiento, una nueva era dominada el humanismo, por un nuevo lenguaje arquitect\u00f3nico, art\u00edstico y cient\u00edfico que dejaba atr\u00e1s definitivamente la era medieval.<\/p>\n<h5><strong>El arco de catenaria de Antoni Gaud\u00ed<\/strong><\/h5>\n<p>A finales del S XIX hubo un arquitecto que se propuso mejorar los avances que supusieron el arco de medio punto y el ojival. Observando las formas que se dan en la naturaleza cre\u00f3 el arco de catenaria.<\/p>\n<p>Gaud\u00ed encontr\u00f3 en el arco de catenaria (curva que describe una cadena por su propia gravedad) la \u00faltima optimizaci\u00f3n posible a esa arquitectura que trabajaba \u00edntegramente a compresi\u00f3n. Esta nueva forma de transmitir las cargas m\u00e1s natural y equilibrada, permit\u00eda por fin hacer una arquitectura libre de esos complementos o refuerzos que eran los contrafuertes, pues ya no eran necesarios.<\/p>\n<\/div><div class=\"fusion-image-element fusion-image-align-center in-legacy-container\" style=\"text-align:center;--awb-caption-title-font-family:var(--h2_typography-font-family);--awb-caption-title-font-weight:var(--h2_typography-font-weight);--awb-caption-title-font-style:var(--h2_typography-font-style);--awb-caption-title-size:var(--h2_typography-font-size);--awb-caption-title-transform:var(--h2_typography-text-transform);--awb-caption-title-line-height:var(--h2_typography-line-height);--awb-caption-title-letter-spacing:var(--h2_typography-letter-spacing);\"><div class=\"imageframe-align-center\"><span class=\" fusion-imageframe imageframe-none imageframe-14 hover-type-none\"><img decoding=\"async\" width=\"800\" height=\"547\" alt=\"Gaud\u00ed catenaria archs at Casa Mil\u00e0 \/ Arcos de catenaria de la Casa Mil\u00e1 (1912), de Antoni Gaud\u00ed. Fuente \/ Source: portalgaudi.cat\" title=\"Gaud\u00ed catenaria archs at Casa Mil\u00e0 \/ Arcos de catenaria de la Casa Mil\u00e1 (1912), de Antoni Gaud\u00ed. Fuente \/ Source: portalgaudi.cat\" src=\"https:\/\/stonesizepanels.com\/wp-content\/uploads\/2019\/10\/catenaria_casa_mila.jpg\" class=\"img-responsive wp-image-5872\" srcset=\"https:\/\/stonesizepanels.com\/wp-content\/uploads\/2019\/10\/catenaria_casa_mila-200x137.jpg 200w, https:\/\/stonesizepanels.com\/wp-content\/uploads\/2019\/10\/catenaria_casa_mila-400x274.jpg 400w, https:\/\/stonesizepanels.com\/wp-content\/uploads\/2019\/10\/catenaria_casa_mila-600x410.jpg 600w, https:\/\/stonesizepanels.com\/wp-content\/uploads\/2019\/10\/catenaria_casa_mila.jpg 800w\" sizes=\"(max-width: 1000px) 100vw, 800px\" \/><\/span><\/div><\/div><div class=\"fusion-text fusion-text-16\"><p>Gaud\u00ed trabaj\u00f3 con maquetas realizadas con cuerdas y pesos de plomo, para representar espacios construidos a base de catenarias. El levantamiento sim\u00e9trico de esas catenarias en vertical, dar\u00eda lugar a una geometr\u00eda de compresi\u00f3n totalmente optimizada.<\/p>\n<\/div><div class=\"fusion-image-element fusion-image-align-center in-legacy-container\" style=\"text-align:center;--awb-caption-title-font-family:var(--h2_typography-font-family);--awb-caption-title-font-weight:var(--h2_typography-font-weight);--awb-caption-title-font-style:var(--h2_typography-font-style);--awb-caption-title-size:var(--h2_typography-font-size);--awb-caption-title-transform:var(--h2_typography-text-transform);--awb-caption-title-line-height:var(--h2_typography-line-height);--awb-caption-title-letter-spacing:var(--h2_typography-letter-spacing);\"><div class=\"imageframe-align-center\"><span class=\" fusion-imageframe imageframe-none imageframe-15 hover-type-none\"><img decoding=\"async\" width=\"500\" height=\"810\" alt=\"Maquetas de Antoni Gaudi. Fuente \/ Source: Cartograf\u00eda al d\u00eda \/ Arquitectura casi imposible - RTVE.es\" title=\"Maquetas de Antoni Gaudi. Fuente \/ Source: Cartograf\u00eda al d\u00eda \/ Arquitectura casi imposible &#8211; RTVE.es\" src=\"https:\/\/stonesizepanels.com\/wp-content\/uploads\/2019\/10\/maqueta_gaudi.jpg\" class=\"img-responsive wp-image-5874\" srcset=\"https:\/\/stonesizepanels.com\/wp-content\/uploads\/2019\/10\/maqueta_gaudi-200x324.jpg 200w, https:\/\/stonesizepanels.com\/wp-content\/uploads\/2019\/10\/maqueta_gaudi-400x648.jpg 400w, https:\/\/stonesizepanels.com\/wp-content\/uploads\/2019\/10\/maqueta_gaudi.jpg 500w\" sizes=\"(max-width: 1000px) 100vw, 500px\" \/><\/span><\/div><\/div><div class=\"fusion-text fusion-text-17\"><h5><strong>El S. XX y la aparici\u00f3n de nuevos lenguajes arquitect\u00f3nicos<\/strong><\/h5>\n<p>La tecnolog\u00eda y la ciencia dieron lugar a nuevos materiales que permitieron otras maneras de construir. La arquitectura a base de p\u00f3rticos de acero laminado o de hormig\u00f3n armado originaron nuevos lenguajes arquitect\u00f3nicos. La arquitectura murar\u00eda pas\u00f3 a dividirse en un esqueleto estructural que se cubr\u00eda con un cerramiento. Se abre pues, una nueva etapa en la historia de la piedra aplicada a la arquitectura.<\/p>\n<p>Sin embargo, la piedra nunca desapareci\u00f3 de la arquitectura. Si bien su car\u00e1cter estructural fue siendo cada vez menor, s\u00ed que reivindic\u00f3 con fuerza su papel como material de revestimiento de esa arquitectura del hierro y del hormig\u00f3n, presumiblemente fr\u00eda. Uno de los mejores ejemplos se encuentra en el pabell\u00f3n de Barcelona, de Mies Van der Rohe, en el que la arquitectura se reduce a la m\u00e1xima pureza y simplicidad de planos. Es el m\u00e1rmol sin embargo quien aporta calidez al lugar, haci\u00e9ndolo acogedor, incluso hogare\u00f1o.<\/p>\n<h5><strong>Mies Van der Rohe<\/strong><\/h5>\n<\/div><div class=\"fusion-image-element fusion-image-align-center in-legacy-container\" style=\"text-align:center;--awb-caption-title-font-family:var(--h2_typography-font-family);--awb-caption-title-font-weight:var(--h2_typography-font-weight);--awb-caption-title-font-style:var(--h2_typography-font-style);--awb-caption-title-size:var(--h2_typography-font-size);--awb-caption-title-transform:var(--h2_typography-text-transform);--awb-caption-title-line-height:var(--h2_typography-line-height);--awb-caption-title-letter-spacing:var(--h2_typography-letter-spacing);\"><div class=\"imageframe-align-center\"><span class=\" fusion-imageframe imageframe-none imageframe-16 hover-type-none\"><img decoding=\"async\" width=\"579\" height=\"542\" alt=\"Barcelona Mies Van der Rohe Pavilion, 1928 \/ Pabell\u00f3n de Barcelona, 1928. Mies Van der Rohe. Fuente \/ Source: miesbcn.com\" title=\"Barcelona Mies Van der Rohe Pavilion, 1928 \/ Pabell\u00f3n de Barcelona, 1928. Mies Van der Rohe. Fuente \/ Source: miesbcn.com\" src=\"https:\/\/stonesizepanels.com\/wp-content\/uploads\/2019\/10\/pabellon_mies.jpg\" class=\"img-responsive wp-image-5876\" srcset=\"https:\/\/stonesizepanels.com\/wp-content\/uploads\/2019\/10\/pabellon_mies-200x187.jpg 200w, https:\/\/stonesizepanels.com\/wp-content\/uploads\/2019\/10\/pabellon_mies-400x374.jpg 400w, https:\/\/stonesizepanels.com\/wp-content\/uploads\/2019\/10\/pabellon_mies.jpg 579w\" sizes=\"(max-width: 1000px) 100vw, 579px\" \/><\/span><\/div><\/div><div class=\"fusion-text fusion-text-18\"><p>Una intervenci\u00f3n art\u00edstica llamada \u201cMies missing materiality\u201d que tuvo lugar en el a\u00f1o 2017 de Anna y Eugeni Bach prob\u00f3 a tapar todo el m\u00e1rmol con vinilos blancos. En las fotograf\u00edas se aprecia claramente c\u00f3mo al desaparecer el m\u00e1rmol se transforman radicalmente las propiedades del lugar, quedando el edificio desmaterializado, m\u00e1s frio y as\u00e9ptico.<\/p>\n<\/div><div class=\"fusion-image-element fusion-image-align-center in-legacy-container\" style=\"text-align:center;--awb-caption-title-font-family:var(--h2_typography-font-family);--awb-caption-title-font-weight:var(--h2_typography-font-weight);--awb-caption-title-font-style:var(--h2_typography-font-style);--awb-caption-title-size:var(--h2_typography-font-size);--awb-caption-title-transform:var(--h2_typography-text-transform);--awb-caption-title-line-height:var(--h2_typography-line-height);--awb-caption-title-letter-spacing:var(--h2_typography-letter-spacing);\"><div class=\"imageframe-align-center\"><span class=\" fusion-imageframe imageframe-none imageframe-17 hover-type-none\"><img decoding=\"async\" width=\"548\" height=\"186\" alt=\"\u201cMies missing materiality\u201d, 2017. Fuente \/ Source: miesbcn.com\" title=\"\u201cMies missing materiality\u201d, 2017. Fuente \/ Source: miesbcn.com\" src=\"https:\/\/stonesizepanels.com\/wp-content\/uploads\/2019\/10\/mies_missing_materiality.jpg\" class=\"img-responsive wp-image-5879\" srcset=\"https:\/\/stonesizepanels.com\/wp-content\/uploads\/2019\/10\/mies_missing_materiality-200x68.jpg 200w, https:\/\/stonesizepanels.com\/wp-content\/uploads\/2019\/10\/mies_missing_materiality-400x136.jpg 400w, https:\/\/stonesizepanels.com\/wp-content\/uploads\/2019\/10\/mies_missing_materiality.jpg 548w\" sizes=\"(max-width: 1000px) 100vw, 548px\" \/><\/span><\/div><\/div><div class=\"fusion-text fusion-text-19\"><h5><strong>Otto Wagner<\/strong><\/h5>\n<p>El arquitecto Otto Wagner, maestro del movimiento de la Secesi\u00f3n Vienesa, defender\u00eda esta nueva expresividad sin escr\u00fapulos, incluso haciendo alarde de ello. Cuando dise\u00f1\u00f3 la Caja Postal de Viena (1903-1912), recubri\u00f3 la fachada con placas cuadradas de m\u00e1rmol blanco y, sin ning\u00fan pudor les incluy\u00f3 fijaciones mec\u00e1nicas vistas en mitad de cada placa. De ese modo, lograba dar una innovadora expresividad y textura a la fachada, al tiempo que presum\u00eda de los avances tecnol\u00f3gicos de su \u00e9poca, manifestando que la arquitectura hab\u00eda superado su \u00e9poca cl\u00e1sica.<\/p>\n<\/div><div class=\"fusion-image-element fusion-image-align-center in-legacy-container\" style=\"text-align:center;--awb-caption-title-font-family:var(--h2_typography-font-family);--awb-caption-title-font-weight:var(--h2_typography-font-weight);--awb-caption-title-font-style:var(--h2_typography-font-style);--awb-caption-title-size:var(--h2_typography-font-size);--awb-caption-title-transform:var(--h2_typography-text-transform);--awb-caption-title-line-height:var(--h2_typography-line-height);--awb-caption-title-letter-spacing:var(--h2_typography-letter-spacing);\"><div class=\"imageframe-align-center\"><span class=\" fusion-imageframe imageframe-none imageframe-18 hover-type-none\"><img decoding=\"async\" width=\"700\" height=\"652\" alt=\"Viena Post Office \/ Caja Postal de Viena (1903-1912), Otto Wagner - \u00a9 Bwag\/CC-BY-SA-4.0\" title=\"Viena Post Office \/ Caja Postal de Viena (1903-1912), Otto Wagner &#8211; \u00a9 Bwag\/CC-BY-SA-4.0\" src=\"https:\/\/stonesizepanels.com\/wp-content\/uploads\/2019\/10\/Postsparkasse.jpg\" class=\"img-responsive wp-image-5881\" srcset=\"https:\/\/stonesizepanels.com\/wp-content\/uploads\/2019\/10\/Postsparkasse-200x186.jpg 200w, https:\/\/stonesizepanels.com\/wp-content\/uploads\/2019\/10\/Postsparkasse-400x373.jpg 400w, https:\/\/stonesizepanels.com\/wp-content\/uploads\/2019\/10\/Postsparkasse-600x559.jpg 600w, https:\/\/stonesizepanels.com\/wp-content\/uploads\/2019\/10\/Postsparkasse.jpg 700w\" sizes=\"(max-width: 1000px) 100vw, 700px\" \/><\/span><\/div><\/div><div class=\"fusion-text fusion-text-20\"><p>Aunque no lo creamos, esas placas colocadas con mortero y una fijaci\u00f3n mec\u00e1nica, son los comienzos de los revestimientos de fachada modernos, primero en forma de aplacados, luego con sistemas m\u00e1s complejos de fachada ventilada.<\/p>\n<\/div><div class=\"fusion-image-element fusion-image-align-center in-legacy-container\" style=\"text-align:center;--awb-caption-title-font-family:var(--h2_typography-font-family);--awb-caption-title-font-weight:var(--h2_typography-font-weight);--awb-caption-title-font-style:var(--h2_typography-font-style);--awb-caption-title-size:var(--h2_typography-font-size);--awb-caption-title-transform:var(--h2_typography-text-transform);--awb-caption-title-line-height:var(--h2_typography-line-height);--awb-caption-title-letter-spacing:var(--h2_typography-letter-spacing);\"><div class=\"imageframe-align-center\"><span class=\" fusion-imageframe imageframe-none imageframe-19 hover-type-none\"><img decoding=\"async\" width=\"800\" height=\"450\" alt=\"Viena Post Offiec \/ Caja Postal de Viena (1903-1912), Otto Wagner. Fuente \/ Source: programm.ard.de\" title=\"Viena Post Offiec \/ Caja Postal de Viena (1903-1912), Otto Wagner. Fuente \/ Source: programm.ard.de\" src=\"https:\/\/stonesizepanels.com\/wp-content\/uploads\/2019\/10\/otto_wagner_post.jpg\" class=\"img-responsive wp-image-5883\" srcset=\"https:\/\/stonesizepanels.com\/wp-content\/uploads\/2019\/10\/otto_wagner_post-200x113.jpg 200w, https:\/\/stonesizepanels.com\/wp-content\/uploads\/2019\/10\/otto_wagner_post-400x225.jpg 400w, https:\/\/stonesizepanels.com\/wp-content\/uploads\/2019\/10\/otto_wagner_post-600x338.jpg 600w, https:\/\/stonesizepanels.com\/wp-content\/uploads\/2019\/10\/otto_wagner_post.jpg 800w\" sizes=\"(max-width: 1000px) 100vw, 800px\" \/><\/span><\/div><\/div><div class=\"fusion-text fusion-text-21\"><h5><strong>El inicio de las fachadas ventiladas durante el S.XX<\/strong><\/h5>\n<p>Los avances en los procesos de corte de la piedra a comienzos del siglo XX en placas cada vez m\u00e1s finas y manejables, potenci\u00f3 su uso como sistema de revestimiento. Primeramente se dieron de manera extendida las soluciones aplacadas, en las que las piedras eran colocadas con mortero y retenidas con una grapa de plomo. La sofisticaci\u00f3n de las herramientas permiti\u00f3 elaborar mecanizados en los cantos de las piedras para que dichas grapas pudiesen cumplir sus funciones de soporte y retenci\u00f3n, pero sin quedar vistas.<\/p>\n<p>Las piedras fueron de los primeros materiales en dar el paso a las soluciones de fachada ventilada modernas. Los elementos de fijaci\u00f3n de tipo puntual aumentaban su salida, y desaparec\u00eda la soluci\u00f3n con mortero. Las juntas ya no eran a hueso, sino abiertas, para permitir la ventilaci\u00f3n de la c\u00e1mara.<\/p>\n<\/div><div class=\"fusion-image-element fusion-image-align-center in-legacy-container\" style=\"text-align:center;--awb-caption-title-font-family:var(--h2_typography-font-family);--awb-caption-title-font-weight:var(--h2_typography-font-weight);--awb-caption-title-font-style:var(--h2_typography-font-style);--awb-caption-title-size:var(--h2_typography-font-size);--awb-caption-title-transform:var(--h2_typography-text-transform);--awb-caption-title-line-height:var(--h2_typography-line-height);--awb-caption-title-letter-spacing:var(--h2_typography-letter-spacing);\"><div class=\"imageframe-align-center\"><span class=\" fusion-imageframe imageframe-none imageframe-20 hover-type-none\"><img decoding=\"async\" width=\"284\" height=\"620\" alt=\"Anclajes puntuales directos - Punctual anchorages\" title=\"anclaje_1_BIS\" src=\"https:\/\/stonesizepanels.com\/wp-content\/uploads\/2019\/10\/anclaje_1_BIS.jpg\" class=\"img-responsive wp-image-5916\" srcset=\"https:\/\/stonesizepanels.com\/wp-content\/uploads\/2019\/10\/anclaje_1_BIS-200x437.jpg 200w, https:\/\/stonesizepanels.com\/wp-content\/uploads\/2019\/10\/anclaje_1_BIS.jpg 284w\" sizes=\"(max-width: 1000px) 100vw, 284px\" \/><\/span><\/div><\/div><div class=\"fusion-text fusion-text-22\"><p>De los anclajes puntuales, se dio el salto a las fachadas con subestructura, soluciones m\u00e1s sofisticadas y con m\u00e1s ventajas en cuanto al montaje, aplomado, reposici\u00f3n, seguridad, etc, que adem\u00e1s permit\u00edan mayores salidas para albergar m\u00e1s aislamiento t\u00e9rmico.<\/p>\n<\/div><div class=\"fusion-image-element fusion-image-align-center in-legacy-container\" style=\"text-align:center;--awb-caption-title-font-family:var(--h2_typography-font-family);--awb-caption-title-font-weight:var(--h2_typography-font-weight);--awb-caption-title-font-style:var(--h2_typography-font-style);--awb-caption-title-size:var(--h2_typography-font-size);--awb-caption-title-transform:var(--h2_typography-text-transform);--awb-caption-title-line-height:var(--h2_typography-line-height);--awb-caption-title-letter-spacing:var(--h2_typography-letter-spacing);\"><div class=\"imageframe-align-center\"><span class=\" fusion-imageframe imageframe-none imageframe-21 hover-type-none\"><img decoding=\"async\" width=\"500\" height=\"533\" alt=\"Ventilated stone facade system with framing \/ Sistema de fachada ventilada de piedra con perfiler\u00eda\" title=\"Ventilated stone facade system with framing \/ Sistema de fachada ventilada de piedra con perfiler\u00eda\" src=\"https:\/\/stonesizepanels.com\/wp-content\/uploads\/2019\/10\/anclaje_2_BIS.jpg\" class=\"img-responsive wp-image-5918\" srcset=\"https:\/\/stonesizepanels.com\/wp-content\/uploads\/2019\/10\/anclaje_2_BIS-200x213.jpg 200w, https:\/\/stonesizepanels.com\/wp-content\/uploads\/2019\/10\/anclaje_2_BIS-400x426.jpg 400w, https:\/\/stonesizepanels.com\/wp-content\/uploads\/2019\/10\/anclaje_2_BIS.jpg 500w\" sizes=\"(max-width: 1000px) 100vw, 500px\" \/><\/span><\/div><\/div><div class=\"fusion-text fusion-text-23\"><p>No obstante, la construcci\u00f3n moderna ha avanzado a una velocidad de v\u00e9rtigo en comparaci\u00f3n con el desarrollo tradicional a base de la experiencia de siglos y siglos. Esto propici\u00f3 que en ocasiones, los revestimientos con piedra estuviesen expuestos a patolog\u00edas que antiguamente no se daban. La una patolog\u00eda muy frecuente ha sido la rotura de las piedras en las zonas de los mecanizados y entrada de las fijaciones, por falta de holguras, concentraci\u00f3n de tensiones, presencia de agua durante las heladas, etc.<\/p>\n<\/div><div class=\"fusion-image-element fusion-image-align-center in-legacy-container\" style=\"text-align:center;--awb-caption-title-font-family:var(--h2_typography-font-family);--awb-caption-title-font-weight:var(--h2_typography-font-weight);--awb-caption-title-font-style:var(--h2_typography-font-style);--awb-caption-title-size:var(--h2_typography-font-size);--awb-caption-title-transform:var(--h2_typography-text-transform);--awb-caption-title-line-height:var(--h2_typography-line-height);--awb-caption-title-letter-spacing:var(--h2_typography-letter-spacing);\"><div class=\"imageframe-align-center\"><span class=\" fusion-imageframe imageframe-none imageframe-22 hover-type-none\"><img decoding=\"async\" width=\"345\" height=\"334\" alt=\"Broken stone with a mechanized punctua anchor \/ Rotura de piedra mecanizada fijada con anclaje puntual\" title=\"Broken stone with a mechanized punctua anchor \/ Rotura de piedra mecanizada fijada con anclaje puntual\" src=\"https:\/\/stonesizepanels.com\/wp-content\/uploads\/2019\/10\/anclaje_3.jpg\" class=\"img-responsive wp-image-5889\" srcset=\"https:\/\/stonesizepanels.com\/wp-content\/uploads\/2019\/10\/anclaje_3-200x194.jpg 200w, https:\/\/stonesizepanels.com\/wp-content\/uploads\/2019\/10\/anclaje_3.jpg 345w\" sizes=\"(max-width: 1000px) 100vw, 345px\" \/><\/span><\/div><\/div><div class=\"fusion-text fusion-text-24\"><p>En el mercado de las fachadas revestidas con piedra, se termin\u00f3 encontrando un equilibrio entre la soluci\u00f3n m\u00e1s fina posible, para economizar y reducir su peso al tiempo que era posible mecanizar sus cantos para hacer soluciones ocultas y que al mismo tiempo dicha piedra tuviese resistencia suficiente en ese espesor. Ese equilibrio llev\u00f3 a estandarizar la piedra en un espesor de 3 cm por norma general, y cuyo tama\u00f1o rondase en cada placa un m\u00e1ximo de 0,5 m2.<\/p>\n<p>Este es el mercado y las soluciones que, a d\u00eda de hoy, ya consideramos soluciones de fachada tradicionales, pero estamos en un momento en el que, lejos de quedarnos ah\u00ed la piedra y sus tecnolog\u00edas siguen evolucionando para alcanzar nuevos horizontes.<\/p>\n<h5><strong>Los nuevos desaf\u00edos que afectan a las fachadas a d\u00eda de hoy:<\/strong><\/h5>\n<ul>\n<li>Los grandes formatos. Adem\u00e1s de ser a d\u00eda de hoy una tendencia est\u00e9tica permiten optimizar los tiempos de instalaci\u00f3n.<\/li>\n<li>La ligereza en los materiales. Esto implica, adem\u00e1s de una mayor facilidad de montaje, simplificando el uso de medios auxiliares, una disminuci\u00f3n en estructura y tambi\u00e9n en energ\u00edas para el transporte y colocaci\u00f3n, algo con valor econ\u00f3mico y medioambiental.<\/li>\n<li>Tecnificaci\u00f3n: si la construcci\u00f3n tradicional ven\u00eda definida por la experiencia y el ensayo error, a d\u00eda de hoy los materiales tienen que estar perfectamente caracterizados y el dise\u00f1o de las fachadas tiene que poder justificarse de manera rigurosa desde su ingenier\u00eda y certificaci\u00f3n.<\/li>\n<li>Seguridad: m\u00e1s que nunca hay que justificar su idoneidad en casos accidentales, como impactos, incendio, etc.<\/li>\n<li>Sostenibilidad: el grado de concienciaci\u00f3n medioambiental que tenemos a d\u00eda de hoy hace que las variables de sostenibilidad no puedan ser ignoradas en ning\u00fan material de construcci\u00f3n.<\/li>\n<li>Industrializaci\u00f3n y sistemas integrales: la tendencia de la construcci\u00f3n va hacia alejarse cada vez m\u00e1s de los oficios tradicionales, de construcci\u00f3n en h\u00famedo, y cada vez m\u00e1s hacia los sistemas industrializados y de construcci\u00f3n en seco, al dise\u00f1o de sistemas homologados para aportar unas facilidades en su ejecuci\u00f3n y garant\u00edas en su funcionamiento.<\/li>\n<\/ul>\n<h5><strong>Paneles de piedra natural ultraligeros<\/strong><\/h5>\n<p>Tino ha entendido muy bien esos desaf\u00edos que se presentaban en el mundo de la piedra natural a d\u00eda de hoy y ha desarrollado los paneles Stonesize, material composite formado por varias l\u00e1minas.<\/p>\n<\/div><div class=\"fusion-image-element fusion-image-align-center in-legacy-container\" style=\"text-align:center;--awb-caption-title-font-family:var(--h2_typography-font-family);--awb-caption-title-font-weight:var(--h2_typography-font-weight);--awb-caption-title-font-style:var(--h2_typography-font-style);--awb-caption-title-size:var(--h2_typography-font-size);--awb-caption-title-transform:var(--h2_typography-text-transform);--awb-caption-title-line-height:var(--h2_typography-line-height);--awb-caption-title-letter-spacing:var(--h2_typography-letter-spacing);\"><div class=\"imageframe-align-center\"><span class=\" fusion-imageframe imageframe-none imageframe-23 hover-type-none\"><img decoding=\"async\" width=\"641\" height=\"285\" alt=\"Stonesize\" title=\"stonesize_composite_natural_stone_panels\" src=\"https:\/\/stonesizepanels.com\/wp-content\/uploads\/2019\/10\/stonesize_composite_natural_stone_panels.jpg\" class=\"img-responsive wp-image-5897\" srcset=\"https:\/\/stonesizepanels.com\/wp-content\/uploads\/2019\/10\/stonesize_composite_natural_stone_panels-200x89.jpg 200w, https:\/\/stonesizepanels.com\/wp-content\/uploads\/2019\/10\/stonesize_composite_natural_stone_panels-400x178.jpg 400w, https:\/\/stonesizepanels.com\/wp-content\/uploads\/2019\/10\/stonesize_composite_natural_stone_panels-600x267.jpg 600w, https:\/\/stonesizepanels.com\/wp-content\/uploads\/2019\/10\/stonesize_composite_natural_stone_panels.jpg 641w\" sizes=\"(max-width: 1000px) 100vw, 641px\" \/><\/span><\/div><\/div><div class=\"fusion-text fusion-text-25\"><p>El fundamento de todos los materiales compuestos es combinar distintos materiales para generar uno nuevo cuyas propiedades se complementen y potencien. Con Stonesize estamos generando unos paneles de acabado piedra natural, pero con propiedades mejoradas.<\/p>\n<p>Los paneles Stonesize se conforman por una fina l\u00e1mina de unos 5-7 mm de piedra 100% natural (cualquier piedra), adherida a un panel s\u00e1ndwich de nido de abeja.<\/p>\n<p>La fina l\u00e1mina de piedra por s\u00ed sola tendr\u00eda muy baja resistencia, pero el panel que tiene en su parte trasera le aporta una rigidez y entidad estructural superiores.<\/p>\n<p>Al mismo tiempo, este tipo de fabricaci\u00f3n nos permite llegar a generar paneles de formato gigante (tabla entera: 2,90 m x 1.45m) y de manera ultraligera (unos 20 kg\/m2, hasta un 80% menos que en las soluciones de piedra dimensional).<\/p>\n<\/div><div class=\"fusion-image-element fusion-image-align-center in-legacy-container\" style=\"text-align:center;--awb-caption-title-font-family:var(--h2_typography-font-family);--awb-caption-title-font-weight:var(--h2_typography-font-weight);--awb-caption-title-font-style:var(--h2_typography-font-style);--awb-caption-title-size:var(--h2_typography-font-size);--awb-caption-title-transform:var(--h2_typography-text-transform);--awb-caption-title-line-height:var(--h2_typography-line-height);--awb-caption-title-letter-spacing:var(--h2_typography-letter-spacing);\"><div class=\"imageframe-align-center\"><span class=\" fusion-imageframe imageframe-none imageframe-24 hover-type-none\"><img decoding=\"async\" width=\"1000\" height=\"381\" alt=\"Paneles de m\u00e1rmol blanco para gran formato\" title=\"Paneles de m\u00e1rmol blanco para gran formato\" src=\"https:\/\/stonesizepanels.com\/wp-content\/uploads\/2019\/10\/stone_size.jpg\" class=\"img-responsive wp-image-5892\" srcset=\"https:\/\/stonesizepanels.com\/wp-content\/uploads\/2019\/10\/stone_size-200x76.jpg 200w, https:\/\/stonesizepanels.com\/wp-content\/uploads\/2019\/10\/stone_size-400x152.jpg 400w, https:\/\/stonesizepanels.com\/wp-content\/uploads\/2019\/10\/stone_size-600x229.jpg 600w, https:\/\/stonesizepanels.com\/wp-content\/uploads\/2019\/10\/stone_size-800x305.jpg 800w, https:\/\/stonesizepanels.com\/wp-content\/uploads\/2019\/10\/stone_size.jpg 1000w\" sizes=\"(max-width: 1000px) 100vw, 1000px\" \/><\/span><\/div><\/div><div class=\"fusion-text fusion-text-26\"><h5><strong>SXXI: lo imposible se hace posible<\/strong><\/h5>\n<p>Stonesize permite hacer a d\u00eda de hoy soluciones muy espectaculares y que de otro modo ser\u00edan imposibles. Posibilita el realizar grandes despieces de fachada con acabado en piedra natural y ejecutarlos de manera sencilla con un sistema de fachada ventilada, con un peso que permite la manipulaci\u00f3n manual. De lo contrario, ser\u00eda preciso renunciar a la piedra natural para optar por paneles ultracompactos cer\u00e1micos que tienen una textura de imitaci\u00f3n a piedra impresa, o renunciar al gran formato y poner piedra natural en despieces peque\u00f1os, o poner grandes y pesadas losas de piedra de gran espesor con complejos procedimientos de izado y anclaje.<\/p>\n<\/div><div class=\"fusion-image-element fusion-image-align-center in-legacy-container\" style=\"text-align:center;--awb-caption-title-font-family:var(--h2_typography-font-family);--awb-caption-title-font-weight:var(--h2_typography-font-weight);--awb-caption-title-font-style:var(--h2_typography-font-style);--awb-caption-title-size:var(--h2_typography-font-size);--awb-caption-title-transform:var(--h2_typography-text-transform);--awb-caption-title-line-height:var(--h2_typography-line-height);--awb-caption-title-letter-spacing:var(--h2_typography-letter-spacing);\"><div class=\"imageframe-align-center\"><span class=\" fusion-imageframe imageframe-none imageframe-25 hover-type-none\"><img decoding=\"async\" width=\"600\" height=\"433\" title=\"light stone\" src=\"https:\/\/stonesizepanels.com\/wp-content\/uploads\/2019\/05\/light-stone.jpg\" alt class=\"img-responsive wp-image-3996\" srcset=\"https:\/\/stonesizepanels.com\/wp-content\/uploads\/2019\/05\/light-stone-200x144.jpg 200w, https:\/\/stonesizepanels.com\/wp-content\/uploads\/2019\/05\/light-stone-400x289.jpg 400w, https:\/\/stonesizepanels.com\/wp-content\/uploads\/2019\/05\/light-stone.jpg 600w\" sizes=\"(max-width: 1000px) 100vw, 600px\" \/><\/span><\/div><\/div><div class=\"fusion-image-element fusion-image-align-center in-legacy-container\" style=\"text-align:center;--awb-caption-title-font-family:var(--h2_typography-font-family);--awb-caption-title-font-weight:var(--h2_typography-font-weight);--awb-caption-title-font-style:var(--h2_typography-font-style);--awb-caption-title-size:var(--h2_typography-font-size);--awb-caption-title-transform:var(--h2_typography-text-transform);--awb-caption-title-line-height:var(--h2_typography-line-height);--awb-caption-title-letter-spacing:var(--h2_typography-letter-spacing);\"><div class=\"imageframe-align-center\"><span class=\" fusion-imageframe imageframe-none imageframe-26 hover-type-none\"><img decoding=\"async\" width=\"300\" height=\"288\" title=\"Easy Installation stonesize\" src=\"https:\/\/stonesizepanels.com\/wp-content\/uploads\/2019\/05\/Easy-Installation-stonesize.jpg\" alt class=\"img-responsive wp-image-3998\" srcset=\"https:\/\/stonesizepanels.com\/wp-content\/uploads\/2019\/05\/Easy-Installation-stonesize-200x192.jpg 200w, https:\/\/stonesizepanels.com\/wp-content\/uploads\/2019\/05\/Easy-Installation-stonesize.jpg 300w\" sizes=\"(max-width: 1000px) 100vw, 300px\" \/><\/span><\/div><\/div><div class=\"fusion-text fusion-text-27\"><p><a href=\"https:\/\/stonesizepanels.com\/es\">Stonesize<\/a> escribe una nueva p\u00e1gina en la historia de la piedra natural y su tecnificaci\u00f3n, algo que nos llena de orgullo en Tino Natural Stone.<\/p>\n<\/div><div class=\"fusion-image-element fusion-image-align-center in-legacy-container\" style=\"text-align:center;--awb-caption-title-font-family:var(--h2_typography-font-family);--awb-caption-title-font-weight:var(--h2_typography-font-weight);--awb-caption-title-font-style:var(--h2_typography-font-style);--awb-caption-title-size:var(--h2_typography-font-size);--awb-caption-title-transform:var(--h2_typography-text-transform);--awb-caption-title-line-height:var(--h2_typography-line-height);--awb-caption-title-letter-spacing:var(--h2_typography-letter-spacing);\"><div class=\"imageframe-align-center\"><span class=\" fusion-imageframe imageframe-none imageframe-27 hover-type-none\"><img decoding=\"async\" width=\"1500\" height=\"1125\" alt=\"Facade Alger Hostelerie School \/ Stonesize by Tino. Escuela de Hosteler\u00eda de Argel\" title=\"Facade Alger Hostelerie School \/ Stonesize by Tino. Escuela de Hosteler\u00eda de Argel\" src=\"https:\/\/stonesizepanels.com\/wp-content\/uploads\/2019\/05\/facade-alger-hostelerie.jpg\" class=\"img-responsive wp-image-4255\" srcset=\"https:\/\/stonesizepanels.com\/wp-content\/uploads\/2019\/05\/facade-alger-hostelerie-200x150.jpg 200w, https:\/\/stonesizepanels.com\/wp-content\/uploads\/2019\/05\/facade-alger-hostelerie-400x300.jpg 400w, https:\/\/stonesizepanels.com\/wp-content\/uploads\/2019\/05\/facade-alger-hostelerie-600x450.jpg 600w, https:\/\/stonesizepanels.com\/wp-content\/uploads\/2019\/05\/facade-alger-hostelerie-800x600.jpg 800w, https:\/\/stonesizepanels.com\/wp-content\/uploads\/2019\/05\/facade-alger-hostelerie-1200x900.jpg 1200w, https:\/\/stonesizepanels.com\/wp-content\/uploads\/2019\/05\/facade-alger-hostelerie.jpg 1500w\" sizes=\"(max-width: 1000px) 100vw, 1200px\" \/><\/span><\/div><\/div><div class=\"fusion-text fusion-text-28\"><p>Historia de la piedra aplicada a la arquitectura. Para saber m\u00e1s acerca de la evoluci\u00f3n tecnol\u00f3gica de la piedra a trav\u00e9s de Stonesize <a href=\"https:\/\/stonesizepanels.com\/es\/contacto\">contacta con nosotros &gt;<\/a><\/p>\n<\/div><div class=\"fusion-clearfix\"><\/div><\/div><\/div><\/div><\/div>\n","protected":false},"excerpt":{"rendered":"","protected":false},"author":4,"featured_media":5904,"comment_status":"open","ping_status":"open","sticky":false,"template":"","format":"standard","meta":{"footnotes":""},"categories":[46],"tags":[],"class_list":["post-5829","post","type-post","status-publish","format-standard","has-post-thumbnail","hentry","category-noticias"],"yoast_head":"<!-- This site is optimized with the Yoast SEO plugin v27.5 - https:\/\/yoast.com\/product\/yoast-seo-wordpress\/ -->\n<title>Historia de la piedra aplicada a la arquitectura | Stonesize<\/title>\n<meta name=\"description\" content=\"Recorremos la historia de la piedra aplicada a la arquitectura desde los albores de la humanidad hasta sus aplicaciones m\u00e1s avanzadas del s. XXI\" \/>\n<meta name=\"robots\" content=\"index, follow, max-snippet:-1, max-image-preview:large, max-video-preview:-1\" \/>\n<link rel=\"canonical\" href=\"https:\/\/stonesizepanels.com\/es\/historia-de-la-piedra-aplicada-a-la-arquitectura\" \/>\n<meta property=\"og:locale\" content=\"es_ES\" \/>\n<meta property=\"og:type\" content=\"article\" \/>\n<meta property=\"og:title\" content=\"Historia de la piedra aplicada a la arquitectura | Stonesize\" \/>\n<meta property=\"og:description\" content=\"Recorremos la historia de la piedra aplicada a la arquitectura desde los albores de la humanidad hasta sus aplicaciones m\u00e1s avanzadas del s. XXI\" \/>\n<meta property=\"og:url\" content=\"https:\/\/stonesizepanels.com\/es\/historia-de-la-piedra-aplicada-a-la-arquitectura\" \/>\n<meta property=\"og:site_name\" content=\"Stonesize\u00ae\" \/>\n<meta property=\"article:publisher\" content=\"https:\/\/www.facebook.com\/tinonaturalstone\/\" \/>\n<meta property=\"article:published_time\" content=\"2019-10-25T09:22:50+00:00\" \/>\n<meta property=\"article:modified_time\" content=\"2020-04-02T10:59:20+00:00\" \/>\n<meta property=\"og:image\" content=\"https:\/\/stonesizepanels.com\/wp-content\/uploads\/2019\/10\/History_of_stone_applied_to_architecture_hitoria_de_la_piedra_aplicada_a_la_arquitectura.jpg\" \/>\n\t<meta property=\"og:image:width\" content=\"1000\" \/>\n\t<meta property=\"og:image:height\" content=\"492\" \/>\n\t<meta property=\"og:image:type\" content=\"image\/jpeg\" \/>\n<meta name=\"author\" content=\"Eduardo Gayoso\" \/>\n<meta name=\"twitter:card\" content=\"summary_large_image\" \/>\n<meta name=\"twitter:label1\" content=\"Escrito por\" \/>\n\t<meta name=\"twitter:data1\" content=\"Eduardo Gayoso\" \/>\n\t<meta name=\"twitter:label2\" content=\"Tiempo de lectura\" \/>\n\t<meta name=\"twitter:data2\" content=\"30 minutos\" \/>\n<script type=\"application\/ld+json\" class=\"yoast-schema-graph\">{\"@context\":\"https:\\\/\\\/schema.org\",\"@graph\":[{\"@type\":\"Article\",\"@id\":\"https:\\\/\\\/stonesizepanels.com\\\/es\\\/historia-de-la-piedra-aplicada-a-la-arquitectura#article\",\"isPartOf\":{\"@id\":\"https:\\\/\\\/stonesizepanels.com\\\/es\\\/historia-de-la-piedra-aplicada-a-la-arquitectura\"},\"author\":{\"name\":\"Eduardo Gayoso\",\"@id\":\"https:\\\/\\\/stonesizepanels.com\\\/#\\\/schema\\\/person\\\/bf53f4a1c5ebb25b96ed3fc92d6ed7a1\"},\"headline\":\"Historia de la piedra aplicada a la arquitectura: tecnolog\u00eda y evoluci\u00f3n\",\"datePublished\":\"2019-10-25T09:22:50+00:00\",\"dateModified\":\"2020-04-02T10:59:20+00:00\",\"mainEntityOfPage\":{\"@id\":\"https:\\\/\\\/stonesizepanels.com\\\/es\\\/historia-de-la-piedra-aplicada-a-la-arquitectura\"},\"wordCount\":5957,\"commentCount\":0,\"publisher\":{\"@id\":\"https:\\\/\\\/stonesizepanels.com\\\/#organization\"},\"image\":{\"@id\":\"https:\\\/\\\/stonesizepanels.com\\\/es\\\/historia-de-la-piedra-aplicada-a-la-arquitectura#primaryimage\"},\"thumbnailUrl\":\"https:\\\/\\\/stonesizepanels.com\\\/wp-content\\\/uploads\\\/2019\\\/10\\\/History_of_stone_applied_to_architecture_hitoria_de_la_piedra_aplicada_a_la_arquitectura.jpg\",\"articleSection\":[\"Noticias\"],\"inLanguage\":\"es\",\"potentialAction\":[{\"@type\":\"CommentAction\",\"name\":\"Comment\",\"target\":[\"https:\\\/\\\/stonesizepanels.com\\\/es\\\/historia-de-la-piedra-aplicada-a-la-arquitectura#respond\"]}]},{\"@type\":\"WebPage\",\"@id\":\"https:\\\/\\\/stonesizepanels.com\\\/es\\\/historia-de-la-piedra-aplicada-a-la-arquitectura\",\"url\":\"https:\\\/\\\/stonesizepanels.com\\\/es\\\/historia-de-la-piedra-aplicada-a-la-arquitectura\",\"name\":\"Historia de la piedra aplicada a la arquitectura | Stonesize\",\"isPartOf\":{\"@id\":\"https:\\\/\\\/stonesizepanels.com\\\/#website\"},\"primaryImageOfPage\":{\"@id\":\"https:\\\/\\\/stonesizepanels.com\\\/es\\\/historia-de-la-piedra-aplicada-a-la-arquitectura#primaryimage\"},\"image\":{\"@id\":\"https:\\\/\\\/stonesizepanels.com\\\/es\\\/historia-de-la-piedra-aplicada-a-la-arquitectura#primaryimage\"},\"thumbnailUrl\":\"https:\\\/\\\/stonesizepanels.com\\\/wp-content\\\/uploads\\\/2019\\\/10\\\/History_of_stone_applied_to_architecture_hitoria_de_la_piedra_aplicada_a_la_arquitectura.jpg\",\"datePublished\":\"2019-10-25T09:22:50+00:00\",\"dateModified\":\"2020-04-02T10:59:20+00:00\",\"description\":\"Recorremos la historia de la piedra aplicada a la arquitectura desde los albores de la humanidad hasta sus aplicaciones m\u00e1s avanzadas del s. XXI\",\"breadcrumb\":{\"@id\":\"https:\\\/\\\/stonesizepanels.com\\\/es\\\/historia-de-la-piedra-aplicada-a-la-arquitectura#breadcrumb\"},\"inLanguage\":\"es\",\"potentialAction\":[{\"@type\":\"ReadAction\",\"target\":[\"https:\\\/\\\/stonesizepanels.com\\\/es\\\/historia-de-la-piedra-aplicada-a-la-arquitectura\"]}]},{\"@type\":\"ImageObject\",\"inLanguage\":\"es\",\"@id\":\"https:\\\/\\\/stonesizepanels.com\\\/es\\\/historia-de-la-piedra-aplicada-a-la-arquitectura#primaryimage\",\"url\":\"https:\\\/\\\/stonesizepanels.com\\\/wp-content\\\/uploads\\\/2019\\\/10\\\/History_of_stone_applied_to_architecture_hitoria_de_la_piedra_aplicada_a_la_arquitectura.jpg\",\"contentUrl\":\"https:\\\/\\\/stonesizepanels.com\\\/wp-content\\\/uploads\\\/2019\\\/10\\\/History_of_stone_applied_to_architecture_hitoria_de_la_piedra_aplicada_a_la_arquitectura.jpg\",\"width\":1000,\"height\":492,\"caption\":\"History of stone applied to architecture - Historia de la piedra aplicada a la arquitectura\"},{\"@type\":\"BreadcrumbList\",\"@id\":\"https:\\\/\\\/stonesizepanels.com\\\/es\\\/historia-de-la-piedra-aplicada-a-la-arquitectura#breadcrumb\",\"itemListElement\":[{\"@type\":\"ListItem\",\"position\":1,\"name\":\"Portada\",\"item\":\"https:\\\/\\\/stonesizepanels.com\\\/es\"},{\"@type\":\"ListItem\",\"position\":2,\"name\":\"Historia de la piedra aplicada a la arquitectura: tecnolog\u00eda y evoluci\u00f3n\"}]},{\"@type\":\"WebSite\",\"@id\":\"https:\\\/\\\/stonesizepanels.com\\\/#website\",\"url\":\"https:\\\/\\\/stonesizepanels.com\\\/\",\"name\":\"Stonesize\u00ae\",\"description\":\"Ultralight Natural Stone Panels\",\"publisher\":{\"@id\":\"https:\\\/\\\/stonesizepanels.com\\\/#organization\"},\"potentialAction\":[{\"@type\":\"SearchAction\",\"target\":{\"@type\":\"EntryPoint\",\"urlTemplate\":\"https:\\\/\\\/stonesizepanels.com\\\/?s={search_term_string}\"},\"query-input\":{\"@type\":\"PropertyValueSpecification\",\"valueRequired\":true,\"valueName\":\"search_term_string\"}}],\"inLanguage\":\"es\"},{\"@type\":\"Organization\",\"@id\":\"https:\\\/\\\/stonesizepanels.com\\\/#organization\",\"name\":\"Stonesize Panels\",\"url\":\"https:\\\/\\\/stonesizepanels.com\\\/\",\"logo\":{\"@type\":\"ImageObject\",\"inLanguage\":\"es\",\"@id\":\"https:\\\/\\\/stonesizepanels.com\\\/#\\\/schema\\\/logo\\\/image\\\/\",\"url\":\"https:\\\/\\\/stonesizepanels.com\\\/wp-content\\\/uploads\\\/2019\\\/10\\\/Stonesize-Logo-footer.png\",\"contentUrl\":\"https:\\\/\\\/stonesizepanels.com\\\/wp-content\\\/uploads\\\/2019\\\/10\\\/Stonesize-Logo-footer.png\",\"width\":151,\"height\":29,\"caption\":\"Stonesize Panels\"},\"image\":{\"@id\":\"https:\\\/\\\/stonesizepanels.com\\\/#\\\/schema\\\/logo\\\/image\\\/\"},\"sameAs\":[\"https:\\\/\\\/www.facebook.com\\\/tinonaturalstone\\\/\",\"https:\\\/\\\/www.instagram.com\\\/tinonaturalstone\\\/\",\"https:\\\/\\\/www.youtube.com\\\/channel\\\/UCe5cq4hxks4UkTn4kbWNZCw\"]},{\"@type\":\"Person\",\"@id\":\"https:\\\/\\\/stonesizepanels.com\\\/#\\\/schema\\\/person\\\/bf53f4a1c5ebb25b96ed3fc92d6ed7a1\",\"name\":\"Eduardo Gayoso\",\"image\":{\"@type\":\"ImageObject\",\"inLanguage\":\"es\",\"@id\":\"https:\\\/\\\/secure.gravatar.com\\\/avatar\\\/1b0ab3529066fe8fe442be5691334a5d996df4216a216d19284913e087c27985?s=96&d=mm&r=g\",\"url\":\"https:\\\/\\\/secure.gravatar.com\\\/avatar\\\/1b0ab3529066fe8fe442be5691334a5d996df4216a216d19284913e087c27985?s=96&d=mm&r=g\",\"contentUrl\":\"https:\\\/\\\/secure.gravatar.com\\\/avatar\\\/1b0ab3529066fe8fe442be5691334a5d996df4216a216d19284913e087c27985?s=96&d=mm&r=g\",\"caption\":\"Eduardo Gayoso\"},\"url\":\"https:\\\/\\\/stonesizepanels.com\\\/es\\\/author\\\/edu\"}]}<\/script>\n<!-- \/ Yoast SEO plugin. -->","yoast_head_json":{"title":"Historia de la piedra aplicada a la arquitectura | Stonesize","description":"Recorremos la historia de la piedra aplicada a la arquitectura desde los albores de la humanidad hasta sus aplicaciones m\u00e1s avanzadas del s. XXI","robots":{"index":"index","follow":"follow","max-snippet":"max-snippet:-1","max-image-preview":"max-image-preview:large","max-video-preview":"max-video-preview:-1"},"canonical":"https:\/\/stonesizepanels.com\/es\/historia-de-la-piedra-aplicada-a-la-arquitectura","og_locale":"es_ES","og_type":"article","og_title":"Historia de la piedra aplicada a la arquitectura | Stonesize","og_description":"Recorremos la historia de la piedra aplicada a la arquitectura desde los albores de la humanidad hasta sus aplicaciones m\u00e1s avanzadas del s. XXI","og_url":"https:\/\/stonesizepanels.com\/es\/historia-de-la-piedra-aplicada-a-la-arquitectura","og_site_name":"Stonesize\u00ae","article_publisher":"https:\/\/www.facebook.com\/tinonaturalstone\/","article_published_time":"2019-10-25T09:22:50+00:00","article_modified_time":"2020-04-02T10:59:20+00:00","og_image":[{"width":1000,"height":492,"url":"https:\/\/stonesizepanels.com\/wp-content\/uploads\/2019\/10\/History_of_stone_applied_to_architecture_hitoria_de_la_piedra_aplicada_a_la_arquitectura.jpg","type":"image\/jpeg"}],"author":"Eduardo Gayoso","twitter_card":"summary_large_image","twitter_misc":{"Escrito por":"Eduardo Gayoso","Tiempo de lectura":"30 minutos"},"schema":{"@context":"https:\/\/schema.org","@graph":[{"@type":"Article","@id":"https:\/\/stonesizepanels.com\/es\/historia-de-la-piedra-aplicada-a-la-arquitectura#article","isPartOf":{"@id":"https:\/\/stonesizepanels.com\/es\/historia-de-la-piedra-aplicada-a-la-arquitectura"},"author":{"name":"Eduardo Gayoso","@id":"https:\/\/stonesizepanels.com\/#\/schema\/person\/bf53f4a1c5ebb25b96ed3fc92d6ed7a1"},"headline":"Historia de la piedra aplicada a la arquitectura: tecnolog\u00eda y evoluci\u00f3n","datePublished":"2019-10-25T09:22:50+00:00","dateModified":"2020-04-02T10:59:20+00:00","mainEntityOfPage":{"@id":"https:\/\/stonesizepanels.com\/es\/historia-de-la-piedra-aplicada-a-la-arquitectura"},"wordCount":5957,"commentCount":0,"publisher":{"@id":"https:\/\/stonesizepanels.com\/#organization"},"image":{"@id":"https:\/\/stonesizepanels.com\/es\/historia-de-la-piedra-aplicada-a-la-arquitectura#primaryimage"},"thumbnailUrl":"https:\/\/stonesizepanels.com\/wp-content\/uploads\/2019\/10\/History_of_stone_applied_to_architecture_hitoria_de_la_piedra_aplicada_a_la_arquitectura.jpg","articleSection":["Noticias"],"inLanguage":"es","potentialAction":[{"@type":"CommentAction","name":"Comment","target":["https:\/\/stonesizepanels.com\/es\/historia-de-la-piedra-aplicada-a-la-arquitectura#respond"]}]},{"@type":"WebPage","@id":"https:\/\/stonesizepanels.com\/es\/historia-de-la-piedra-aplicada-a-la-arquitectura","url":"https:\/\/stonesizepanels.com\/es\/historia-de-la-piedra-aplicada-a-la-arquitectura","name":"Historia de la piedra aplicada a la arquitectura | Stonesize","isPartOf":{"@id":"https:\/\/stonesizepanels.com\/#website"},"primaryImageOfPage":{"@id":"https:\/\/stonesizepanels.com\/es\/historia-de-la-piedra-aplicada-a-la-arquitectura#primaryimage"},"image":{"@id":"https:\/\/stonesizepanels.com\/es\/historia-de-la-piedra-aplicada-a-la-arquitectura#primaryimage"},"thumbnailUrl":"https:\/\/stonesizepanels.com\/wp-content\/uploads\/2019\/10\/History_of_stone_applied_to_architecture_hitoria_de_la_piedra_aplicada_a_la_arquitectura.jpg","datePublished":"2019-10-25T09:22:50+00:00","dateModified":"2020-04-02T10:59:20+00:00","description":"Recorremos la historia de la piedra aplicada a la arquitectura desde los albores de la humanidad hasta sus aplicaciones m\u00e1s avanzadas del s. XXI","breadcrumb":{"@id":"https:\/\/stonesizepanels.com\/es\/historia-de-la-piedra-aplicada-a-la-arquitectura#breadcrumb"},"inLanguage":"es","potentialAction":[{"@type":"ReadAction","target":["https:\/\/stonesizepanels.com\/es\/historia-de-la-piedra-aplicada-a-la-arquitectura"]}]},{"@type":"ImageObject","inLanguage":"es","@id":"https:\/\/stonesizepanels.com\/es\/historia-de-la-piedra-aplicada-a-la-arquitectura#primaryimage","url":"https:\/\/stonesizepanels.com\/wp-content\/uploads\/2019\/10\/History_of_stone_applied_to_architecture_hitoria_de_la_piedra_aplicada_a_la_arquitectura.jpg","contentUrl":"https:\/\/stonesizepanels.com\/wp-content\/uploads\/2019\/10\/History_of_stone_applied_to_architecture_hitoria_de_la_piedra_aplicada_a_la_arquitectura.jpg","width":1000,"height":492,"caption":"History of stone applied to architecture - Historia de la piedra aplicada a la arquitectura"},{"@type":"BreadcrumbList","@id":"https:\/\/stonesizepanels.com\/es\/historia-de-la-piedra-aplicada-a-la-arquitectura#breadcrumb","itemListElement":[{"@type":"ListItem","position":1,"name":"Portada","item":"https:\/\/stonesizepanels.com\/es"},{"@type":"ListItem","position":2,"name":"Historia de la piedra aplicada a la arquitectura: tecnolog\u00eda y evoluci\u00f3n"}]},{"@type":"WebSite","@id":"https:\/\/stonesizepanels.com\/#website","url":"https:\/\/stonesizepanels.com\/","name":"Stonesize\u00ae","description":"Ultralight Natural Stone Panels","publisher":{"@id":"https:\/\/stonesizepanels.com\/#organization"},"potentialAction":[{"@type":"SearchAction","target":{"@type":"EntryPoint","urlTemplate":"https:\/\/stonesizepanels.com\/?s={search_term_string}"},"query-input":{"@type":"PropertyValueSpecification","valueRequired":true,"valueName":"search_term_string"}}],"inLanguage":"es"},{"@type":"Organization","@id":"https:\/\/stonesizepanels.com\/#organization","name":"Stonesize Panels","url":"https:\/\/stonesizepanels.com\/","logo":{"@type":"ImageObject","inLanguage":"es","@id":"https:\/\/stonesizepanels.com\/#\/schema\/logo\/image\/","url":"https:\/\/stonesizepanels.com\/wp-content\/uploads\/2019\/10\/Stonesize-Logo-footer.png","contentUrl":"https:\/\/stonesizepanels.com\/wp-content\/uploads\/2019\/10\/Stonesize-Logo-footer.png","width":151,"height":29,"caption":"Stonesize Panels"},"image":{"@id":"https:\/\/stonesizepanels.com\/#\/schema\/logo\/image\/"},"sameAs":["https:\/\/www.facebook.com\/tinonaturalstone\/","https:\/\/www.instagram.com\/tinonaturalstone\/","https:\/\/www.youtube.com\/channel\/UCe5cq4hxks4UkTn4kbWNZCw"]},{"@type":"Person","@id":"https:\/\/stonesizepanels.com\/#\/schema\/person\/bf53f4a1c5ebb25b96ed3fc92d6ed7a1","name":"Eduardo Gayoso","image":{"@type":"ImageObject","inLanguage":"es","@id":"https:\/\/secure.gravatar.com\/avatar\/1b0ab3529066fe8fe442be5691334a5d996df4216a216d19284913e087c27985?s=96&d=mm&r=g","url":"https:\/\/secure.gravatar.com\/avatar\/1b0ab3529066fe8fe442be5691334a5d996df4216a216d19284913e087c27985?s=96&d=mm&r=g","contentUrl":"https:\/\/secure.gravatar.com\/avatar\/1b0ab3529066fe8fe442be5691334a5d996df4216a216d19284913e087c27985?s=96&d=mm&r=g","caption":"Eduardo Gayoso"},"url":"https:\/\/stonesizepanels.com\/es\/author\/edu"}]}},"_links":{"self":[{"href":"https:\/\/stonesizepanels.com\/es\/wp-json\/wp\/v2\/posts\/5829","targetHints":{"allow":["GET"]}}],"collection":[{"href":"https:\/\/stonesizepanels.com\/es\/wp-json\/wp\/v2\/posts"}],"about":[{"href":"https:\/\/stonesizepanels.com\/es\/wp-json\/wp\/v2\/types\/post"}],"author":[{"embeddable":true,"href":"https:\/\/stonesizepanels.com\/es\/wp-json\/wp\/v2\/users\/4"}],"replies":[{"embeddable":true,"href":"https:\/\/stonesizepanels.com\/es\/wp-json\/wp\/v2\/comments?post=5829"}],"version-history":[{"count":3,"href":"https:\/\/stonesizepanels.com\/es\/wp-json\/wp\/v2\/posts\/5829\/revisions"}],"predecessor-version":[{"id":5921,"href":"https:\/\/stonesizepanels.com\/es\/wp-json\/wp\/v2\/posts\/5829\/revisions\/5921"}],"wp:featuredmedia":[{"embeddable":true,"href":"https:\/\/stonesizepanels.com\/es\/wp-json\/wp\/v2\/media\/5904"}],"wp:attachment":[{"href":"https:\/\/stonesizepanels.com\/es\/wp-json\/wp\/v2\/media?parent=5829"}],"wp:term":[{"taxonomy":"category","embeddable":true,"href":"https:\/\/stonesizepanels.com\/es\/wp-json\/wp\/v2\/categories?post=5829"},{"taxonomy":"post_tag","embeddable":true,"href":"https:\/\/stonesizepanels.com\/es\/wp-json\/wp\/v2\/tags?post=5829"}],"curies":[{"name":"wp","href":"https:\/\/api.w.org\/{rel}","templated":true}]}}